{"id":3638,"date":"2026-07-27T19:51:33","date_gmt":"2026-07-27T22:51:33","guid":{"rendered":"https:\/\/pellmarques.com\/blog\/?p=3638"},"modified":"2026-07-27T20:25:01","modified_gmt":"2026-07-27T23:25:01","slug":"pell-mareques-show-com-jane-andrade","status":"publish","type":"post","link":"https:\/\/pellmarques.com\/blog\/pell-mareques-show-com-jane-andrade\/","title":{"rendered":"Programa Pell Marques Show com Jane Andrade"},"content":{"rendered":"\n<h2 class=\"wp-block-heading has-text-align-center\">Fotos com <strong>Jane Andrade e Banda<\/strong><\/h2>\n\n\n\n<div class=\"wp-block-group\"><div class=\"wp-block-group__inner-container is-layout-constrained wp-block-group-is-layout-constrained\">\n<div class=\"wp-block-columns is-not-stacked-on-mobile is-layout-flex wp-container-core-columns-is-layout-8f761849 wp-block-columns-is-layout-flex\">\n<div class=\"wp-block-column is-layout-flow wp-block-column-is-layout-flow\" style=\"flex-basis:33.33%\">\n<figure class=\"wp-block-gallery has-nested-images columns-default is-cropped wp-block-gallery-1 is-layout-flex wp-block-gallery-is-layout-flex\">\n<figure class=\"wp-block-image size-full is-style-rounded\"><img loading=\"lazy\" decoding=\"async\" width=\"1254\" height=\"1254\" data-id=\"3639\" src=\"https:\/\/pellmarques.com\/blog\/wp-content\/uploads\/2026\/07\/3_000000.png\" alt=\"\" class=\"wp-image-3639\" srcset=\"https:\/\/pellmarques.com\/blog\/wp-content\/uploads\/2026\/07\/3_000000.png 1254w, https:\/\/pellmarques.com\/blog\/wp-content\/uploads\/2026\/07\/3_000000-300x300.png 300w, https:\/\/pellmarques.com\/blog\/wp-content\/uploads\/2026\/07\/3_000000-1024x1024.png 1024w, https:\/\/pellmarques.com\/blog\/wp-content\/uploads\/2026\/07\/3_000000-150x150.png 150w, https:\/\/pellmarques.com\/blog\/wp-content\/uploads\/2026\/07\/3_000000-768x768.png 768w\" sizes=\"auto, (max-width: 1254px) 100vw, 1254px\" \/><\/figure>\n<\/figure>\n<\/div>\n\n\n\n<div class=\"wp-block-column is-layout-flow wp-block-column-is-layout-flow\" style=\"flex-basis:33.33%\">\n<figure class=\"wp-block-gallery has-nested-images columns-default is-cropped wp-block-gallery-2 is-layout-flex wp-block-gallery-is-layout-flex\">\n<figure class=\"wp-block-image size-full is-style-rounded\"><img loading=\"lazy\" decoding=\"async\" width=\"1254\" height=\"1254\" data-id=\"3640\" src=\"https:\/\/pellmarques.com\/blog\/wp-content\/uploads\/2026\/07\/1-1.png\" alt=\"\" class=\"wp-image-3640\" srcset=\"https:\/\/pellmarques.com\/blog\/wp-content\/uploads\/2026\/07\/1-1.png 1254w, https:\/\/pellmarques.com\/blog\/wp-content\/uploads\/2026\/07\/1-1-300x300.png 300w, https:\/\/pellmarques.com\/blog\/wp-content\/uploads\/2026\/07\/1-1-1024x1024.png 1024w, https:\/\/pellmarques.com\/blog\/wp-content\/uploads\/2026\/07\/1-1-150x150.png 150w, https:\/\/pellmarques.com\/blog\/wp-content\/uploads\/2026\/07\/1-1-768x768.png 768w\" sizes=\"auto, (max-width: 1254px) 100vw, 1254px\" \/><\/figure>\n<\/figure>\n<\/div>\n\n\n\n<div class=\"wp-block-column is-layout-flow wp-block-column-is-layout-flow\" style=\"flex-basis:33.33%\">\n<figure class=\"wp-block-gallery has-nested-images columns-default is-cropped wp-block-gallery-3 is-layout-flex wp-block-gallery-is-layout-flex\">\n<figure class=\"wp-block-image size-full is-style-rounded\"><img loading=\"lazy\" decoding=\"async\" width=\"916\" height=\"1280\" data-id=\"3641\" src=\"https:\/\/pellmarques.com\/blog\/wp-content\/uploads\/2026\/07\/WhatsApp-Image-2026-07-24-at-23.24.33-2.jpeg\" alt=\"\" class=\"wp-image-3641\" srcset=\"https:\/\/pellmarques.com\/blog\/wp-content\/uploads\/2026\/07\/WhatsApp-Image-2026-07-24-at-23.24.33-2.jpeg 916w, https:\/\/pellmarques.com\/blog\/wp-content\/uploads\/2026\/07\/WhatsApp-Image-2026-07-24-at-23.24.33-2-215x300.jpeg 215w, https:\/\/pellmarques.com\/blog\/wp-content\/uploads\/2026\/07\/WhatsApp-Image-2026-07-24-at-23.24.33-2-733x1024.jpeg 733w, https:\/\/pellmarques.com\/blog\/wp-content\/uploads\/2026\/07\/WhatsApp-Image-2026-07-24-at-23.24.33-2-768x1073.jpeg 768w\" sizes=\"auto, (max-width: 916px) 100vw, 916px\" \/><\/figure>\n<\/figure>\n<\/div>\n<\/div>\n<\/div><\/div>\n\n\n\n<h2 class=\"wp-block-heading has-text-align-center\"><br>Confira: <strong>Jane Andrade &#8211; T\u00c3O CARENTE <\/strong><\/h2>\n\n\n\n<figure class=\"wp-block-embed is-type-video is-provider-youtube wp-block-embed-youtube wp-embed-aspect-16-9 wp-has-aspect-ratio\"><div class=\"wp-block-embed__wrapper\">\n<iframe loading=\"lazy\" title=\"Jane Andrade - T\u00c3O CARENTE (Vers\u00e3o MOLECA 100 VERGONHA)\" width=\"640\" height=\"360\" src=\"https:\/\/www.youtube.com\/embed\/Qd9bc-6YR1Y?feature=oembed\" frameborder=\"0\" allow=\"accelerometer; autoplay; clipboard-write; encrypted-media; gyroscope; picture-in-picture; web-share\" referrerpolicy=\"strict-origin-when-cross-origin\" allowfullscreen><\/iframe>\n<\/div><\/figure>\n\n\n\n<p class=\"wp-block-paragraph\"><strong>Se gostou do v\u00eddeo, curte e se inscreve no nosso canal e segue nossos artistas no Instagram<\/strong><\/p>\n\n\n\n<p class=\"wp-block-paragraph\"><br><\/p>\n\n\n\n<h2 class=\"wp-block-heading\">Mat\u00e9rias do melhor Jornal de Alagoas (Tribuna Independente de Alagoas)<\/h2>\n\n\n\n<p class=\"wp-block-paragraph\">Todas as mat\u00e9rias voc\u00ea pode acompanhar atrav\u00e9s do site&nbsp;<a href=\"https:\/\/tribunahoje.com\/tribuna-independente\">https:\/\/tribunahoje.com\/tribuna-independente<\/a> ou clicando nas imagens abaixo.<\/p>\n\n\n\n<figure class=\"wp-block-gallery has-nested-images columns-default is-cropped wp-block-gallery-4 is-layout-flex wp-block-gallery-is-layout-flex\">\n<figure class=\"wp-block-image size-full\"><img loading=\"lazy\" decoding=\"async\" width=\"1153\" height=\"819\" data-id=\"3644\" src=\"https:\/\/pellmarques.com\/blog\/wp-content\/uploads\/2026\/07\/2-3.jpg\" alt=\"\" class=\"wp-image-3644\" srcset=\"https:\/\/pellmarques.com\/blog\/wp-content\/uploads\/2026\/07\/2-3.jpg 1153w, https:\/\/pellmarques.com\/blog\/wp-content\/uploads\/2026\/07\/2-3-300x213.jpg 300w, https:\/\/pellmarques.com\/blog\/wp-content\/uploads\/2026\/07\/2-3-1024x727.jpg 1024w, https:\/\/pellmarques.com\/blog\/wp-content\/uploads\/2026\/07\/2-3-768x546.jpg 768w\" sizes=\"auto, (max-width: 1153px) 100vw, 1153px\" \/><\/figure>\n<\/figure>\n\n\n\n<div class=\"wp-block-columns is-not-stacked-on-mobile is-layout-flex wp-container-core-columns-is-layout-8f761849 wp-block-columns-is-layout-flex\">\n<div class=\"wp-block-column is-vertically-aligned-center is-layout-flow wp-block-column-is-layout-flow\" style=\"flex-basis:100%\">\n<p class=\"has-text-align-center wp-block-paragraph\"><\/p>\n\n\n\n<h5 class=\"wp-block-heading has-text-align-center has-large-font-size\">CONFIRAM A LIVE COMPLETA :<\/h5>\n<\/div>\n<\/div>\n\n\n\n<figure class=\"wp-block-embed is-type-video is-provider-youtube wp-block-embed-youtube wp-embed-aspect-16-9 wp-has-aspect-ratio\"><div class=\"wp-block-embed__wrapper\">\n<iframe loading=\"lazy\" title=\"Live Pell Marques Show com Jane Andrade &quot;A voz do cora\u00e7\u00e3o&quot;\" width=\"640\" height=\"360\" src=\"https:\/\/www.youtube.com\/embed\/YRZtA-Xe0dg?feature=oembed\" frameborder=\"0\" allow=\"accelerometer; autoplay; clipboard-write; encrypted-media; gyroscope; picture-in-picture; web-share\" referrerpolicy=\"strict-origin-when-cross-origin\" allowfullscreen><\/iframe>\n<\/div><figcaption class=\"wp-element-caption\">Transmitido ao vivo em 24 de jul. de 2026<\/figcaption><\/figure>\n","protected":false},"excerpt":{"rendered":"<p>Fotos com Jane Andrade e Banda Confira: Jane Andrade &#8211; T\u00c3O CARENTE Se gostou do v\u00eddeo, curte e se inscreve no nosso canal e segue nossos artistas no Instagram Mat\u00e9rias<\/p>\n","protected":false},"author":1,"featured_media":3642,"comment_status":"open","ping_status":"open","sticky":false,"template":"","format":"standard","meta":{"footnotes":""},"categories":[2],"tags":[],"class_list":["post-3638","post","type-post","status-publish","format-standard","has-post-thumbnail","hentry","category-programa-pell-marques-show"],"_links":{"self":[{"href":"https:\/\/pellmarques.com\/blog\/wp-json\/wp\/v2\/posts\/3638","targetHints":{"allow":["GET"]}}],"collection":[{"href":"https:\/\/pellmarques.com\/blog\/wp-json\/wp\/v2\/posts"}],"about":[{"href":"https:\/\/pellmarques.com\/blog\/wp-json\/wp\/v2\/types\/post"}],"author":[{"embeddable":true,"href":"https:\/\/pellmarques.com\/blog\/wp-json\/wp\/v2\/users\/1"}],"replies":[{"embeddable":true,"href":"https:\/\/pellmarques.com\/blog\/wp-json\/wp\/v2\/comments?post=3638"}],"version-history":[{"count":27,"href":"https:\/\/pellmarques.com\/blog\/wp-json\/wp\/v2\/posts\/3638\/revisions"}],"predecessor-version":[{"id":3671,"href":"https:\/\/pellmarques.com\/blog\/wp-json\/wp\/v2\/posts\/3638\/revisions\/3671"}],"wp:featuredmedia":[{"embeddable":true,"href":"https:\/\/pellmarques.com\/blog\/wp-json\/wp\/v2\/media\/3642"}],"wp:attachment":[{"href":"https:\/\/pellmarques.com\/blog\/wp-json\/wp\/v2\/media?parent=3638"}],"wp:term":[{"taxonomy":"category","embeddable":true,"href":"https:\/\/pellmarques.com\/blog\/wp-json\/wp\/v2\/categories?post=3638"},{"taxonomy":"post_tag","embeddable":true,"href":"https:\/\/pellmarques.com\/blog\/wp-json\/wp\/v2\/tags?post=3638"}],"curies":[{"name":"wp","href":"https:\/\/api.w.org\/{rel}","templated":true}]}}